{"id":458,"date":"2016-05-02T17:08:10","date_gmt":"2016-05-02T15:08:10","guid":{"rendered":"http:\/\/notredamedegrandselve.fr\/?p=458"},"modified":"2016-05-02T17:08:10","modified_gmt":"2016-05-02T15:08:10","slug":"notre-dame-de-lassomption-grenade","status":"publish","type":"post","link":"https:\/\/notredamedegrandselve.fr\/?p=458","title":{"rendered":"Notre Dame de l&rsquo;assomption Grenade"},"content":{"rendered":"\n\t\t<style type=\"text\/css\">\n\t\t\t#gallery-1 {\n\t\t\t\tmargin: auto;\n\t\t\t}\n\t\t\t#gallery-1 .gallery-item {\n\t\t\t\tfloat: left;\n\t\t\t\tmargin-top: 10px;\n\t\t\t\ttext-align: center;\n\t\t\t\twidth: 33%;\n\t\t\t}\n\t\t\t#gallery-1 img {\n\t\t\t\tborder: 2px solid #cfcfcf;\n\t\t\t}\n\t\t\t#gallery-1 .gallery-caption {\n\t\t\t\tmargin-left: 0;\n\t\t\t}\n\t\t\t\/* see gallery_shortcode() in wp-includes\/media.php *\/\n\t\t<\/style>\n\t\t<div id='gallery-1' class='gallery galleryid-458 gallery-columns-3 gallery-size-thumbnail'><dl class='gallery-item'>\n\t\t\t<dt class='gallery-icon landscape'>\n\t\t\t\t<a href='https:\/\/notredamedegrandselve.fr\/?attachment_id=347'><img loading=\"lazy\" decoding=\"async\" width=\"150\" height=\"150\" src=\"https:\/\/notredamedegrandselve.fr\/wp-content\/uploads\/2016\/05\/eglisegrenadeHA-150x150.jpg\" class=\"attachment-thumbnail size-thumbnail\" alt=\"\" srcset=\"https:\/\/notredamedegrandselve.fr\/wp-content\/uploads\/2016\/05\/eglisegrenadeHA-150x150.jpg 150w, https:\/\/notredamedegrandselve.fr\/wp-content\/uploads\/2016\/05\/eglisegrenadeHA-144x144.jpg 144w\" sizes=\"auto, (max-width: 150px) 100vw, 150px\" \/><\/a>\n\t\t\t<\/dt><\/dl><dl class='gallery-item'>\n\t\t\t<dt class='gallery-icon landscape'>\n\t\t\t\t<a href='https:\/\/notredamedegrandselve.fr\/?attachment_id=357'><img loading=\"lazy\" decoding=\"async\" width=\"150\" height=\"150\" src=\"https:\/\/notredamedegrandselve.fr\/wp-content\/uploads\/2016\/05\/grenadepieta-150x150.jpg\" class=\"attachment-thumbnail size-thumbnail\" alt=\"\" srcset=\"https:\/\/notredamedegrandselve.fr\/wp-content\/uploads\/2016\/05\/grenadepieta-150x150.jpg 150w, https:\/\/notredamedegrandselve.fr\/wp-content\/uploads\/2016\/05\/grenadepieta-144x144.jpg 144w\" sizes=\"auto, (max-width: 150px) 100vw, 150px\" \/><\/a>\n\t\t\t<\/dt><\/dl><dl class='gallery-item'>\n\t\t\t<dt class='gallery-icon landscape'>\n\t\t\t\t<a href='https:\/\/notredamedegrandselve.fr\/?attachment_id=356'><img loading=\"lazy\" decoding=\"async\" width=\"150\" height=\"150\" src=\"https:\/\/notredamedegrandselve.fr\/wp-content\/uploads\/2016\/05\/grenadenef-150x150.jpg\" class=\"attachment-thumbnail size-thumbnail\" alt=\"\" srcset=\"https:\/\/notredamedegrandselve.fr\/wp-content\/uploads\/2016\/05\/grenadenef-150x150.jpg 150w, https:\/\/notredamedegrandselve.fr\/wp-content\/uploads\/2016\/05\/grenadenef-144x144.jpg 144w\" sizes=\"auto, (max-width: 150px) 100vw, 150px\" \/><\/a>\n\t\t\t<\/dt><\/dl><br style=\"clear: both\" \/><dl class='gallery-item'>\n\t\t\t<dt class='gallery-icon landscape'>\n\t\t\t\t<a href='https:\/\/notredamedegrandselve.fr\/?attachment_id=355'><img loading=\"lazy\" decoding=\"async\" width=\"150\" height=\"150\" src=\"https:\/\/notredamedegrandselve.fr\/wp-content\/uploads\/2016\/05\/Grenade2-150x150.jpg\" class=\"attachment-thumbnail size-thumbnail\" alt=\"\" srcset=\"https:\/\/notredamedegrandselve.fr\/wp-content\/uploads\/2016\/05\/Grenade2-150x150.jpg 150w, https:\/\/notredamedegrandselve.fr\/wp-content\/uploads\/2016\/05\/Grenade2-144x144.jpg 144w\" sizes=\"auto, (max-width: 150px) 100vw, 150px\" \/><\/a>\n\t\t\t<\/dt><\/dl><dl class='gallery-item'>\n\t\t\t<dt class='gallery-icon landscape'>\n\t\t\t\t<a href='https:\/\/notredamedegrandselve.fr\/?attachment_id=354'><img loading=\"lazy\" decoding=\"async\" width=\"150\" height=\"150\" src=\"https:\/\/notredamedegrandselve.fr\/wp-content\/uploads\/2016\/05\/Grenade1-150x150.jpg\" class=\"attachment-thumbnail size-thumbnail\" alt=\"\" srcset=\"https:\/\/notredamedegrandselve.fr\/wp-content\/uploads\/2016\/05\/Grenade1-150x150.jpg 150w, https:\/\/notredamedegrandselve.fr\/wp-content\/uploads\/2016\/05\/Grenade1-144x144.jpg 144w\" sizes=\"auto, (max-width: 150px) 100vw, 150px\" \/><\/a>\n\t\t\t<\/dt><\/dl><dl class='gallery-item'>\n\t\t\t<dt class='gallery-icon landscape'>\n\t\t\t\t<a href='https:\/\/notredamedegrandselve.fr\/?attachment_id=335'><img loading=\"lazy\" decoding=\"async\" width=\"150\" height=\"150\" src=\"https:\/\/notredamedegrandselve.fr\/wp-content\/uploads\/2016\/05\/chagrenade-150x150.jpg\" class=\"attachment-thumbnail size-thumbnail\" alt=\"\" srcset=\"https:\/\/notredamedegrandselve.fr\/wp-content\/uploads\/2016\/05\/chagrenade-150x150.jpg 150w, https:\/\/notredamedegrandselve.fr\/wp-content\/uploads\/2016\/05\/chagrenade-144x144.jpg 144w\" sizes=\"auto, (max-width: 150px) 100vw, 150px\" \/><\/a>\n\t\t\t<\/dt><\/dl><br style=\"clear: both\" \/><dl class='gallery-item'>\n\t\t\t<dt class='gallery-icon landscape'>\n\t\t\t\t<a href='https:\/\/notredamedegrandselve.fr\/?attachment_id=344'><img loading=\"lazy\" decoding=\"async\" width=\"150\" height=\"150\" src=\"https:\/\/notredamedegrandselve.fr\/wp-content\/uploads\/2016\/05\/Eglise-de-grenade-150x150.jpg\" class=\"attachment-thumbnail size-thumbnail\" alt=\"\" srcset=\"https:\/\/notredamedegrandselve.fr\/wp-content\/uploads\/2016\/05\/Eglise-de-grenade-150x150.jpg 150w, https:\/\/notredamedegrandselve.fr\/wp-content\/uploads\/2016\/05\/Eglise-de-grenade-144x144.jpg 144w\" sizes=\"auto, (max-width: 150px) 100vw, 150px\" \/><\/a>\n\t\t\t<\/dt><\/dl><dl class='gallery-item'>\n\t\t\t<dt class='gallery-icon portrait'>\n\t\t\t\t<a href='https:\/\/notredamedegrandselve.fr\/?attachment_id=346'><img loading=\"lazy\" decoding=\"async\" width=\"127\" height=\"150\" src=\"https:\/\/notredamedegrandselve.fr\/wp-content\/uploads\/2016\/05\/eglise_de_grenade-127x150.jpg\" class=\"attachment-thumbnail size-thumbnail\" alt=\"\" \/><\/a>\n\t\t\t<\/dt><\/dl>\n\t\t\t<br style='clear: both' \/>\n\t\t<\/div>\n\n<header>\n<h1 class=\"single-title replace\">Le Grand Orgue de Grenade<\/h1>\n<\/header>\n<section class=\"post_content clearfix\"><img loading=\"lazy\" decoding=\"async\" class=\"attachment-single-post-thumbnail size-single-post-thumbnail wp-post-image\" src=\"http:\/\/107.6.179.82\/~doyenned\/wp-content\/uploads\/2015\/05\/201108010836_zoom_copie_4-400x290.jpg\" sizes=\"auto, (max-width: 400px) 100vw, 400px\" srcset=\"http:\/\/107.6.179.82\/~doyenned\/wp-content\/uploads\/2015\/05\/201108010836_zoom_copie_4-300x218.jpg 300x, http:\/\/107.6.179.82\/~doyenned\/wp-content\/uploads\/2015\/05\/201108010836_zoom_copie_4.jpg 400x\" alt=\"201108010836_zoom_copie_4\" width=\"400\" height=\"290\" \/><\/section>\n<section class=\"post_content clearfix\"><strong>LE GRAND ORGUE<\/strong><\/section>\n<p><strong>Aristide\u00a0<\/strong><\/p>\n<p><strong>CAVAILLE COLL\u00a0\u00a0<\/strong><\/p>\n<p><strong>1857<\/strong><\/p>\n<p>&nbsp;<\/p>\n<p>&nbsp;<\/p>\n<p>&nbsp;<\/p>\n<p>L\u2019orgue de l\u2019\u00e9glise Notre Dame de l\u2019Assomption de Grenade-sur-Garonne a \u00e9t\u00e9 construit par Aristide CAVAILLE COLL en 1857.<\/p>\n<p>Le chantier fut sous-trait\u00e9 par Jules MAGEN. On sait bien que CAVAILLE COLL lui a d\u2019ailleurs confi\u00e9 plusieurs chantiers en sous-traitance. La tuyauterie a \u00e9t\u00e9 r\u00e9alis\u00e9e par POIRIER&amp;LIEBERKNECHT. En effet, un tuyau de la fa\u00e7ade est sign\u00e9 par Emile POIRIER\u00a0: E. POIRIER fecit 1856. On peut rapprocher cette tuyauterie de celles des orgues de la Daurade \u00e0 Toulouse. Ceci s\u2019explique par le fait que ces facteurs avaient \u00e9t\u00e9 engag\u00e9s par MAGEN en 1857.<\/p>\n<p>Cet orgue, con\u00e7u dans la premi\u00e8re p\u00e9riode du c\u00e9l\u00e8bre facteur, garde encore certaines caract\u00e9ristiques de l\u2019orgue classique fran\u00e7ais. Les mutations (nasards, tierces) restent fr\u00e9quentes, les pleins-jeux sont compos\u00e9s en fourniture et cymbales, la tuyauterie encore coup\u00e9e au ton comme dans les orgues de CLIQUOT ou d\u2019ISNARD. Le r\u00e9cit expressif existe mais il est souvent incomplet dans le grave, comme c\u2019est le cas \u00e0 Grenade-sur-Garonne. De la premi\u00e8re p\u00e9riode cr\u00e9ative de CAVAILLE-COLL, outre les orgues de Saint-Denis et de Grenade, on peut citer ceux de Perpignan, Saint-Roch \u00e0 Paris, Lu\u00e7on, Lunel\u2026 en 1867, Jules MAGEN met en place les 8 jeux du Positif de dos dont la place avait \u00e9t\u00e9 pr\u00e9vue par CAVAILLE-COLL. PUGET effectue un relevage en 1928. Paul MANUEL et Patrice BELLET en 1975-1976.<\/p>\n<p>Cet orgue a eu la chance de ne subir aucune transformation si ce n\u2019est l\u2019adjonction d\u2019un ventilateur \u00e9lectrique.<\/p>\n<p><a href=\"http:\/\/107.6.179.82\/~doyenned\/wp-content\/uploads\/2015\/05\/3.jpg\"><img loading=\"lazy\" decoding=\"async\" class=\"aligncenter wp-image-1405\" src=\"http:\/\/107.6.179.82\/~doyenned\/wp-content\/uploads\/2015\/05\/3.jpg\" sizes=\"auto, (max-width: 329px) 100vw, 329px\" srcset=\"http:\/\/107.6.179.82\/~doyenned\/wp-content\/uploads\/2015\/05\/3-225x300.jpg 225x, http:\/\/107.6.179.82\/~doyenned\/wp-content\/uploads\/2015\/05\/3-768x1024.jpg 768x, http:\/\/107.6.179.82\/~doyenned\/wp-content\/uploads\/2015\/05\/3-400x533.jpg 400x, http:\/\/107.6.179.82\/~doyenned\/wp-content\/uploads\/2015\/05\/3.jpg 1944x\" alt=\"3\" width=\"329\" height=\"439\" \/><\/a>L\u2018inauguration de cette restauration a \u00e9t\u00e9 fa\u00eete par Xavier DARASSE le 8 mai 1976.<\/p>\n<p>En janvier 2011, un troisi\u00e8me relevage est effectu\u00e9. Les travaux de restauration sont confi\u00e9s \u00e0 la manufacture languedocienne des grandes orgues avec le facteur d\u2019orgues Charles SARELOT.<\/p>\n<p>L\u2019orgue de Grenade est reconnu depuis de nombreuses ann\u00e9es comme l\u2019un des plus beaux orgues romantiques de Midi-Pyr\u00e9n\u00e9es. C\u2019est le deuxi\u00e8me instrument r\u00e9alis\u00e9 par Aristide CAVAILLE \u2013COLL dans la r\u00e9gion.<\/p>\n<p>Son harmonisation est remarquable, il sonne merveilleusement bien.<\/p>\n<p>Le concert inaugural a eu lieu le 14 octobre 2013, dans le cadre du festival Toulouse les orgues avec le trio TRIPTIKA \u00ab\u00a0 les ang\u00e9lus\u00a0\u00bb \u2013 Pascal MARSAULT organiste \u2013 les chanteurs Fran\u00e7oise MASSET et J-Christophe CLAIR.<\/p>\n<p><a href=\"http:\/\/107.6.179.82\/~doyenned\/wp-content\/uploads\/2015\/05\/63.jpg\"><img loading=\"lazy\" decoding=\"async\" class=\"aligncenter wp-image-1406\" src=\"http:\/\/107.6.179.82\/~doyenned\/wp-content\/uploads\/2015\/05\/63.jpg\" sizes=\"auto, (max-width: 358px) 100vw, 358px\" srcset=\"http:\/\/107.6.179.82\/~doyenned\/wp-content\/uploads\/2015\/05\/63-225x300.jpg 225x, http:\/\/107.6.179.82\/~doyenned\/wp-content\/uploads\/2015\/05\/63-400x533.jpg 400x, http:\/\/107.6.179.82\/~doyenned\/wp-content\/uploads\/2015\/05\/63.jpg 480x\" alt=\"63\" width=\"177\" height=\"235\" \/><\/a><\/p>\n<p><strong>Composition de l\u2019instrument<\/strong><\/p>\n<table>\n<tbody>\n<tr>\n<td width=\"154\"><strong>Positif de dos 54 n.<\/strong><\/td>\n<td width=\"154\"><strong>Grand-Orgue 54 n.<\/strong><\/td>\n<td width=\"154\"><strong>R\u00e9cit expressif 42 n.<\/strong><\/td>\n<td width=\"154\"><strong>P\u00e9dale 25 n.<\/strong><\/td>\n<\/tr>\n<tr>\n<td width=\"154\">Fl\u00fbte harmonique 8\u2019<\/td>\n<td width=\"154\">Montre 16\u2019<\/td>\n<td width=\"154\">Fl\u00fbte harmonique 8\u2019<\/td>\n<td width=\"154\">Soubasse 16\u2019<\/td>\n<\/tr>\n<tr>\n<td width=\"154\">Viole de gambe 8\u2019<\/td>\n<td width=\"154\">Bourdon 16\u2019<\/td>\n<td width=\"154\">Viole de gambe 8\u2019<\/td>\n<td width=\"154\">Fl\u00fbte 8\u2019<\/td>\n<\/tr>\n<tr>\n<td width=\"154\">Fl\u00fbte douce 8\u2019<\/td>\n<td width=\"154\">Montre 8\u2019<\/td>\n<td width=\"154\">Voix c\u00e9leste 8\u2019<\/td>\n<td width=\"154\">Trompette 8\u2019<\/td>\n<\/tr>\n<tr>\n<td width=\"154\">Unda Maris 8\u2019<\/td>\n<td width=\"154\">Fl\u00fbte harmonique 8\u2019<\/td>\n<td width=\"154\">Fl\u00fbte ouverte 4\u2019<\/td>\n<td width=\"154\">Clairon 4\u2019<\/td>\n<\/tr>\n<tr>\n<td width=\"154\">Dulcian 4\u2019<\/td>\n<td width=\"154\">Salicional 8\u2019<\/td>\n<td width=\"154\">Octavin 2\u2019<\/td>\n<td width=\"154\"><\/td>\n<\/tr>\n<tr>\n<td width=\"154\">Euphone 8\u2019<\/td>\n<td width=\"154\">Bourdon 8\u2019<\/td>\n<td width=\"154\">Trompette 8\u2019<\/td>\n<td width=\"154\"><\/td>\n<\/tr>\n<tr>\n<td width=\"154\">Trompette 8\u2019<\/td>\n<td width=\"154\">Prestant 4\u2019<\/td>\n<td width=\"154\">Cor anglais-Hautbois 8\u2019<\/td>\n<td width=\"154\"><\/td>\n<\/tr>\n<tr>\n<td width=\"154\">Basson 8\u2019<\/td>\n<td width=\"154\">Octave 4\u2019<\/td>\n<td width=\"154\">Voix humaine 8\u2019<\/td>\n<td width=\"154\"><\/td>\n<\/tr>\n<tr>\n<td width=\"154\"><\/td>\n<td width=\"154\">Quinte 2 2\/3\u2019<\/td>\n<td width=\"154\"><\/td>\n<td width=\"154\"><\/td>\n<\/tr>\n<tr>\n<td width=\"154\"><\/td>\n<td width=\"154\">Doublette 2\u2019<\/td>\n<td width=\"154\"><\/td>\n<td width=\"154\"><\/td>\n<\/tr>\n<tr>\n<td width=\"154\"><\/td>\n<td width=\"154\">Plein jeu III<\/td>\n<td width=\"154\"><\/td>\n<td width=\"154\"><\/td>\n<\/tr>\n<tr>\n<td width=\"154\"><\/td>\n<td width=\"154\">Bombarde 16\u2019<\/td>\n<td width=\"154\"><\/td>\n<td width=\"154\"><\/td>\n<\/tr>\n<tr>\n<td width=\"154\"><\/td>\n<td width=\"154\">Trompette 8\u2019<\/td>\n<td width=\"154\"><\/td>\n<td width=\"154\"><\/td>\n<\/tr>\n<tr>\n<td width=\"154\"><\/td>\n<td width=\"154\">Clairon 4\u2019<\/td>\n<td width=\"154\"><\/td>\n<td width=\"154\"><\/td>\n<\/tr>\n<tr>\n<td colspan=\"4\" width=\"614\"><strong><em>\u00a0<\/em><\/strong><strong><em>P\u00e9dales de combinaisons\u00a0<\/em><\/strong><strong><em>\u00a0<\/em><\/strong>Tirasse GO \u2013 Anches p\u00e9dale-Anches GO ( basse et dessus) \u2013 Anches RECIT<\/td>\n<\/tr>\n<\/tbody>\n<\/table>\n<p>Orage \u2013 REC\/GO \u2013 POS\/GO \u2013tr\u00e9molo \u2013 expression r\u00e9cit \u00e0 cuiller<\/p>\n<p><a href=\"http:\/\/107.6.179.82\/~doyenned\/wp-content\/uploads\/2015\/05\/65.jpg\"><img loading=\"lazy\" decoding=\"async\" class=\"aligncenter wp-image-1407\" src=\"http:\/\/107.6.179.82\/~doyenned\/wp-content\/uploads\/2015\/05\/65.jpg\" sizes=\"auto, (max-width: 395px) 100vw, 395px\" srcset=\"http:\/\/107.6.179.82\/~doyenned\/wp-content\/uploads\/2015\/05\/65-300x225.jpg 300x, http:\/\/107.6.179.82\/~doyenned\/wp-content\/uploads\/2015\/05\/65-400x300.jpg 400x, http:\/\/107.6.179.82\/~doyenned\/wp-content\/uploads\/2015\/05\/65-200x150.jpg 200x, http:\/\/107.6.179.82\/~doyenned\/wp-content\/uploads\/2015\/05\/65.jpg 640x\" alt=\"65\" width=\"395\" height=\"296\" \/><\/a><\/p>\n<p><strong><em>Renseignements \/ contacts\u00a0:<\/em><\/strong><\/p>\n<p>Monsieur le Cur\u00e9 doyen du Grand Selve\u00a0: T\u00e9l secr\u00e9tariat\u00a0: 05-61-82-61-35.<\/p>\n<p>Monsieur Jean-Pierre BARON\u00a0: T\u00e9l\u00a0: 05-61-15-46-23 \u2013 Portable\u00a0: 06-26-91-34-23.<\/p>\n<p>Facteur d\u2019orgues\u00a0: Monsieur Charles SARELOT ( manufacture languedocienne des Grandes orgues). Tel\u00a0: 04-67-44-10-21.<\/p>\n<p>&nbsp;<\/p>\n<p><a href=\"http:\/\/107.6.179.82\/~doyenned\/wp-content\/uploads\/2015\/05\/1.jpg\"><img loading=\"lazy\" decoding=\"async\" class=\"aligncenter  wp-image-1404\" src=\"http:\/\/107.6.179.82\/~doyenned\/wp-content\/uploads\/2015\/05\/1.jpg\" sizes=\"auto, (max-width: 533px) 100vw, 533px\" srcset=\"http:\/\/107.6.179.82\/~doyenned\/wp-content\/uploads\/2015\/05\/1-200x300.jpg 200x, http:\/\/107.6.179.82\/~doyenned\/wp-content\/uploads\/2015\/05\/1-400x600.jpg 400x, http:\/\/107.6.179.82\/~doyenned\/wp-content\/uploads\/2015\/05\/1.jpg 533x\" alt=\"1\" width=\"268\" height=\"402\" \/><\/a><\/p>\n","protected":false},"excerpt":{"rendered":"<p>Le Grand Orgue de Grenade LE GRAND ORGUE Aristide\u00a0 CAVAILLE COLL\u00a0\u00a0 1857 &nbsp; &nbsp; &nbsp; L\u2019orgue de l\u2019\u00e9glise Notre Dame de l\u2019Assomption de Grenade-sur-Garonne a \u00e9t\u00e9 construit par Aristide CAVAILLE COLL en 1857. Le chantier fut sous-trait\u00e9 par Jules MAGEN. On sait bien que CAVAILLE COLL lui a d\u2019ailleurs confi\u00e9 plusieurs chantiers en sous-traitance. La&hellip; <br \/> <a class=\"button small blue\" href=\"https:\/\/notredamedegrandselve.fr\/?p=458\">Lire la suite<\/a><\/p>\n","protected":false},"author":1,"featured_media":0,"comment_status":"open","ping_status":"open","sticky":false,"template":"","format":"standard","meta":{"footnotes":""},"categories":[31],"tags":[],"class_list":["post-458","post","type-post","status-publish","format-standard","hentry","category-eglises-et-chapelles"],"_links":{"self":[{"href":"https:\/\/notredamedegrandselve.fr\/index.php?rest_route=\/wp\/v2\/posts\/458","targetHints":{"allow":["GET"]}}],"collection":[{"href":"https:\/\/notredamedegrandselve.fr\/index.php?rest_route=\/wp\/v2\/posts"}],"about":[{"href":"https:\/\/notredamedegrandselve.fr\/index.php?rest_route=\/wp\/v2\/types\/post"}],"author":[{"embeddable":true,"href":"https:\/\/notredamedegrandselve.fr\/index.php?rest_route=\/wp\/v2\/users\/1"}],"replies":[{"embeddable":true,"href":"https:\/\/notredamedegrandselve.fr\/index.php?rest_route=%2Fwp%2Fv2%2Fcomments&post=458"}],"version-history":[{"count":1,"href":"https:\/\/notredamedegrandselve.fr\/index.php?rest_route=\/wp\/v2\/posts\/458\/revisions"}],"predecessor-version":[{"id":459,"href":"https:\/\/notredamedegrandselve.fr\/index.php?rest_route=\/wp\/v2\/posts\/458\/revisions\/459"}],"wp:attachment":[{"href":"https:\/\/notredamedegrandselve.fr\/index.php?rest_route=%2Fwp%2Fv2%2Fmedia&parent=458"}],"wp:term":[{"taxonomy":"category","embeddable":true,"href":"https:\/\/notredamedegrandselve.fr\/index.php?rest_route=%2Fwp%2Fv2%2Fcategories&post=458"},{"taxonomy":"post_tag","embeddable":true,"href":"https:\/\/notredamedegrandselve.fr\/index.php?rest_route=%2Fwp%2Fv2%2Ftags&post=458"}],"curies":[{"name":"wp","href":"https:\/\/api.w.org\/{rel}","templated":true}]}}