{"id":3541,"date":"2026-04-27T15:58:22","date_gmt":"2026-04-27T13:58:22","guid":{"rendered":"https:\/\/notredamedegrandselve.fr\/?p=3541"},"modified":"2026-04-27T15:58:22","modified_gmt":"2026-04-27T13:58:22","slug":"fete-dieu-2026","status":"publish","type":"post","link":"https:\/\/notredamedegrandselve.fr\/?p=3541","title":{"rendered":"F\u00eate Dieu 2026"},"content":{"rendered":"\n<div class=\"wp-block-columns is-layout-flex wp-container-core-columns-is-layout-9d6595d7 wp-block-columns-is-layout-flex\">\n<div class=\"wp-block-column is-layout-flow wp-block-column-is-layout-flow\">\n<p>Retrouvons-nous pour c\u00e9l\u00e9brer ensemble la F\u00eate-Dieu ! Les 6 et 7 juin, la paroisse du Grand Selve vous invite \u00e0 vivre un week-end chaleureux et festif :<\/p>\n\n\n\n<ul class=\"wp-block-list\">\n<li><strong>Samedi \u00e0 19h<\/strong>, rendez-vous \u00e0 Notre-Dame d\u2019Alet pour un barbecue partag\u00e9. Le principe est simple : chacun apporte de quoi manger, et des barbecues seront \u00e0 disposition pour cuire vos grillades. Pensez aussi \u00e0 vos couverts ! Une belle occasion de faire connaissance et de passer une soir\u00e9e conviviale.<\/li>\n\n\n\n<li><strong>Dimanche 7 juin \u00e0 11h \u00e0 Grenade<\/strong>, c\u00e9l\u00e9brons ensemble le Corps et le Sang tr\u00e8s saints de notre Seigneur lors de la messe de la F\u00eate-Dieu. La c\u00e9l\u00e9bration se prolongera par une procession dans les rues, puis un temps d\u2019adoration au reposoir.<\/li>\n\n\n\n<li><strong>Apr\u00e8s la messe<\/strong>, un ap\u00e9ritif vous sera offert pour remercier chaleureusement l\u2019abb\u00e9 Fran\u00e7ois Sondo, qui ach\u00e8ve sa mission dans notre paroisse. Ceux qui le souhaitent pourront prolonger ce moment autour d\u2019un d\u00e9jeuner partag\u00e9 (repas tir\u00e9 du sac).<\/li>\n<\/ul>\n\n\n\n<p>Nous vous attendons nombreux pour ce beau week-end de foi et de fraternit\u00e9 !<\/p>\n<\/div>\n\n\n\n<div class=\"wp-block-column is-layout-flow wp-block-column-is-layout-flow\">\n<figure class=\"wp-block-image size-large\"><img loading=\"lazy\" decoding=\"async\" width=\"724\" height=\"1024\" src=\"https:\/\/notredamedegrandselve.fr\/wp-content\/uploads\/2026\/04\/Flyer-week-end-paroissial-FeteDIeu-2026-1-724x1024.jpg\" alt=\"\" class=\"wp-image-3542\" srcset=\"https:\/\/notredamedegrandselve.fr\/wp-content\/uploads\/2026\/04\/Flyer-week-end-paroissial-FeteDIeu-2026-1-724x1024.jpg 724w, https:\/\/notredamedegrandselve.fr\/wp-content\/uploads\/2026\/04\/Flyer-week-end-paroissial-FeteDIeu-2026-1-212x300.jpg 212w, https:\/\/notredamedegrandselve.fr\/wp-content\/uploads\/2026\/04\/Flyer-week-end-paroissial-FeteDIeu-2026-1-768x1086.jpg 768w, https:\/\/notredamedegrandselve.fr\/wp-content\/uploads\/2026\/04\/Flyer-week-end-paroissial-FeteDIeu-2026-1-1086x1536.jpg 1086w, https:\/\/notredamedegrandselve.fr\/wp-content\/uploads\/2026\/04\/Flyer-week-end-paroissial-FeteDIeu-2026-1-1024x1448.jpg 1024w, https:\/\/notredamedegrandselve.fr\/wp-content\/uploads\/2026\/04\/Flyer-week-end-paroissial-FeteDIeu-2026-1-764x1080.jpg 764w, https:\/\/notredamedegrandselve.fr\/wp-content\/uploads\/2026\/04\/Flyer-week-end-paroissial-FeteDIeu-2026-1-1320x1867.jpg 1320w, https:\/\/notredamedegrandselve.fr\/wp-content\/uploads\/2026\/04\/Flyer-week-end-paroissial-FeteDIeu-2026-1.jpg 1414w\" sizes=\"auto, (max-width: 724px) 100vw, 724px\" \/><\/figure>\n<\/div>\n<\/div>\n","protected":false},"excerpt":{"rendered":"<p>Retrouvons-nous pour c\u00e9l\u00e9brer ensemble la F\u00eate-Dieu ! Les 6 et 7 juin, la paroisse du Grand Selve vous invite \u00e0 vivre un week-end chaleureux et festif : Samedi \u00e0 19h, rendez-vous \u00e0 Notre-Dame d\u2019Alet pour un barbecue partag\u00e9. Le principe est simple : chacun apporte de quoi manger, et des barbecues seront \u00e0 disposition pour&hellip; <br \/> <a class=\"button small blue\" href=\"https:\/\/notredamedegrandselve.fr\/?p=3541\">Lire la suite<\/a><\/p>\n","protected":false},"author":1,"featured_media":0,"comment_status":"closed","ping_status":"open","sticky":false,"template":"","format":"standard","meta":{"footnotes":""},"categories":[33],"tags":[],"class_list":["post-3541","post","type-post","status-publish","format-standard","hentry","category-journal"],"_links":{"self":[{"href":"https:\/\/notredamedegrandselve.fr\/index.php?rest_route=\/wp\/v2\/posts\/3541","targetHints":{"allow":["GET"]}}],"collection":[{"href":"https:\/\/notredamedegrandselve.fr\/index.php?rest_route=\/wp\/v2\/posts"}],"about":[{"href":"https:\/\/notredamedegrandselve.fr\/index.php?rest_route=\/wp\/v2\/types\/post"}],"author":[{"embeddable":true,"href":"https:\/\/notredamedegrandselve.fr\/index.php?rest_route=\/wp\/v2\/users\/1"}],"replies":[{"embeddable":true,"href":"https:\/\/notredamedegrandselve.fr\/index.php?rest_route=%2Fwp%2Fv2%2Fcomments&post=3541"}],"version-history":[{"count":1,"href":"https:\/\/notredamedegrandselve.fr\/index.php?rest_route=\/wp\/v2\/posts\/3541\/revisions"}],"predecessor-version":[{"id":3543,"href":"https:\/\/notredamedegrandselve.fr\/index.php?rest_route=\/wp\/v2\/posts\/3541\/revisions\/3543"}],"wp:attachment":[{"href":"https:\/\/notredamedegrandselve.fr\/index.php?rest_route=%2Fwp%2Fv2%2Fmedia&parent=3541"}],"wp:term":[{"taxonomy":"category","embeddable":true,"href":"https:\/\/notredamedegrandselve.fr\/index.php?rest_route=%2Fwp%2Fv2%2Fcategories&post=3541"},{"taxonomy":"post_tag","embeddable":true,"href":"https:\/\/notredamedegrandselve.fr\/index.php?rest_route=%2Fwp%2Fv2%2Ftags&post=3541"}],"curies":[{"name":"wp","href":"https:\/\/api.w.org\/{rel}","templated":true}]}}