{"id":2117,"date":"2019-04-05T10:55:33","date_gmt":"2019-04-05T08:55:33","guid":{"rendered":"http:\/\/notredamedegrandselve.fr\/?p=2117"},"modified":"2019-05-05T15:44:31","modified_gmt":"2019-05-05T13:44:31","slug":"conference-de-careme-4-avril-2019","status":"publish","type":"post","link":"https:\/\/notredamedegrandselve.fr\/?p=2117","title":{"rendered":"Conf\u00e9rence de Car\u00eame 4 Avril 2019"},"content":{"rendered":"<p>Retrouvez notre troisi\u00e8me conf\u00e9rence de Car\u00eame. Le p\u00e8re Bruno Lutz, moine de Solesme et aum\u00f4nier de Boulaur nous parle de la liturgie : une action sacr\u00e9e pour la sanctification de l&rsquo;homme<\/p>\n<blockquote class=\"wp-embedded-content\" data-secret=\"haWJAUzRbY\"><p><a href=\"http:\/\/notredamedegrandselve.fr\/?attachment_id=2116\">la liturgie chemin de saintete<\/a><\/p><\/blockquote>\n<p><iframe loading=\"lazy\" class=\"wp-embedded-content\" sandbox=\"allow-scripts\" security=\"restricted\" style=\"position: absolute; visibility: hidden;\" title=\"\u00ab\u00a0la liturgie chemin de saintete\u00a0\u00bb &#8212; Notre Dame de Grand Selve\" src=\"http:\/\/notredamedegrandselve.fr\/?attachment_id=2116&#038;embed=true#?secret=ZRm4JckuBZ#?secret=haWJAUzRbY\" data-secret=\"haWJAUzRbY\" width=\"600\" height=\"338\" frameborder=\"0\" marginwidth=\"0\" marginheight=\"0\" scrolling=\"no\"><\/iframe><\/p>\n","protected":false},"excerpt":{"rendered":"<p>Retrouvez notre troisi\u00e8me conf\u00e9rence de Car\u00eame.<\/p>\n","protected":false},"author":1,"featured_media":2118,"comment_status":"open","ping_status":"open","sticky":false,"template":"","format":"standard","meta":{"footnotes":""},"categories":[37],"tags":[],"class_list":["post-2117","post","type-post","status-publish","format-standard","has-post-thumbnail","hentry","category-jeudis"],"_links":{"self":[{"href":"https:\/\/notredamedegrandselve.fr\/index.php?rest_route=\/wp\/v2\/posts\/2117","targetHints":{"allow":["GET"]}}],"collection":[{"href":"https:\/\/notredamedegrandselve.fr\/index.php?rest_route=\/wp\/v2\/posts"}],"about":[{"href":"https:\/\/notredamedegrandselve.fr\/index.php?rest_route=\/wp\/v2\/types\/post"}],"author":[{"embeddable":true,"href":"https:\/\/notredamedegrandselve.fr\/index.php?rest_route=\/wp\/v2\/users\/1"}],"replies":[{"embeddable":true,"href":"https:\/\/notredamedegrandselve.fr\/index.php?rest_route=%2Fwp%2Fv2%2Fcomments&post=2117"}],"version-history":[{"count":3,"href":"https:\/\/notredamedegrandselve.fr\/index.php?rest_route=\/wp\/v2\/posts\/2117\/revisions"}],"predecessor-version":[{"id":2121,"href":"https:\/\/notredamedegrandselve.fr\/index.php?rest_route=\/wp\/v2\/posts\/2117\/revisions\/2121"}],"wp:featuredmedia":[{"embeddable":true,"href":"https:\/\/notredamedegrandselve.fr\/index.php?rest_route=\/wp\/v2\/media\/2118"}],"wp:attachment":[{"href":"https:\/\/notredamedegrandselve.fr\/index.php?rest_route=%2Fwp%2Fv2%2Fmedia&parent=2117"}],"wp:term":[{"taxonomy":"category","embeddable":true,"href":"https:\/\/notredamedegrandselve.fr\/index.php?rest_route=%2Fwp%2Fv2%2Fcategories&post=2117"},{"taxonomy":"post_tag","embeddable":true,"href":"https:\/\/notredamedegrandselve.fr\/index.php?rest_route=%2Fwp%2Fv2%2Ftags&post=2117"}],"curies":[{"name":"wp","href":"https:\/\/api.w.org\/{rel}","templated":true}]}}