{"id":1847,"date":"2018-01-19T16:29:21","date_gmt":"2018-01-19T14:29:21","guid":{"rendered":"http:\/\/notredamedegrandselve.fr\/?p=1847"},"modified":"2018-01-19T16:33:00","modified_gmt":"2018-01-19T14:33:00","slug":"circuit-des-creches","status":"publish","type":"post","link":"https:\/\/notredamedegrandselve.fr\/?p=1847","title":{"rendered":"Circuit des cr\u00e8ches"},"content":{"rendered":"<p>Durant l&rsquo;avent, des cr\u00e8ches ont \u00e9t\u00e9 install\u00e9es dans les \u00e9glises du pays de Cadours<\/p>\n<p>Voici les photos de ces cr\u00e8ches, prises par notre fid\u00e8le photographe<\/p>\n<p>Un grand merci \u00e0 tous les paroissiens qui ont install\u00e9 et d\u00e9cor\u00e9 les cr\u00e8ches et ont permis d&rsquo;ouvrir les \u00e9glises au public durant les dimanches de l&rsquo;avent !<\/p>\n\n\t\t<style type=\"text\/css\">\n\t\t\t#gallery-1 {\n\t\t\t\tmargin: auto;\n\t\t\t}\n\t\t\t#gallery-1 .gallery-item {\n\t\t\t\tfloat: left;\n\t\t\t\tmargin-top: 10px;\n\t\t\t\ttext-align: center;\n\t\t\t\twidth: 33%;\n\t\t\t}\n\t\t\t#gallery-1 img {\n\t\t\t\tborder: 2px solid #cfcfcf;\n\t\t\t}\n\t\t\t#gallery-1 .gallery-caption {\n\t\t\t\tmargin-left: 0;\n\t\t\t}\n\t\t\t\/* see gallery_shortcode() in wp-includes\/media.php *\/\n\t\t<\/style>\n\t\t<div id='gallery-1' class='gallery galleryid-1847 gallery-columns-3 gallery-size-thumbnail'><dl class='gallery-item'>\n\t\t\t<dt class='gallery-icon landscape'>\n\t\t\t\t<a href='https:\/\/notredamedegrandselve.fr\/?attachment_id=1846'><img loading=\"lazy\" decoding=\"async\" width=\"150\" height=\"150\" src=\"https:\/\/notredamedegrandselve.fr\/wp-content\/uploads\/2018\/01\/creches-2017-060-150x150.jpg\" class=\"attachment-thumbnail size-thumbnail\" alt=\"\" aria-describedby=\"gallery-1-1846\" srcset=\"https:\/\/notredamedegrandselve.fr\/wp-content\/uploads\/2018\/01\/creches-2017-060-150x150.jpg 150w, https:\/\/notredamedegrandselve.fr\/wp-content\/uploads\/2018\/01\/creches-2017-060-144x144.jpg 144w\" sizes=\"auto, (max-width: 150px) 100vw, 150px\" \/><\/a>\n\t\t\t<\/dt>\n\t\t\t\t<dd class='wp-caption-text gallery-caption' id='gallery-1-1846'>\n\t\t\t\tNotre Dame des Aubets\n\t\t\t\t<\/dd><\/dl><dl class='gallery-item'>\n\t\t\t<dt class='gallery-icon landscape'>\n\t\t\t\t<a href='https:\/\/notredamedegrandselve.fr\/?attachment_id=1845'><img loading=\"lazy\" decoding=\"async\" width=\"150\" height=\"150\" src=\"https:\/\/notredamedegrandselve.fr\/wp-content\/uploads\/2018\/01\/creches-2017-052-150x150.jpg\" class=\"attachment-thumbnail size-thumbnail\" alt=\"\" aria-describedby=\"gallery-1-1845\" srcset=\"https:\/\/notredamedegrandselve.fr\/wp-content\/uploads\/2018\/01\/creches-2017-052-150x150.jpg 150w, https:\/\/notredamedegrandselve.fr\/wp-content\/uploads\/2018\/01\/creches-2017-052-144x144.jpg 144w\" sizes=\"auto, (max-width: 150px) 100vw, 150px\" \/><\/a>\n\t\t\t<\/dt>\n\t\t\t\t<dd class='wp-caption-text gallery-caption' id='gallery-1-1845'>\n\t\t\t\tLe Gres\n\t\t\t\t<\/dd><\/dl><dl class='gallery-item'>\n\t\t\t<dt class='gallery-icon landscape'>\n\t\t\t\t<a href='https:\/\/notredamedegrandselve.fr\/?attachment_id=1844'><img loading=\"lazy\" decoding=\"async\" width=\"150\" height=\"150\" src=\"https:\/\/notredamedegrandselve.fr\/wp-content\/uploads\/2018\/01\/creches-2017-050-150x150.jpg\" class=\"attachment-thumbnail size-thumbnail\" alt=\"\" aria-describedby=\"gallery-1-1844\" srcset=\"https:\/\/notredamedegrandselve.fr\/wp-content\/uploads\/2018\/01\/creches-2017-050-150x150.jpg 150w, https:\/\/notredamedegrandselve.fr\/wp-content\/uploads\/2018\/01\/creches-2017-050-144x144.jpg 144w\" sizes=\"auto, (max-width: 150px) 100vw, 150px\" \/><\/a>\n\t\t\t<\/dt>\n\t\t\t\t<dd class='wp-caption-text gallery-caption' id='gallery-1-1844'>\n\t\t\t\tPelleport\n\t\t\t\t<\/dd><\/dl><br style=\"clear: both\" \/><dl class='gallery-item'>\n\t\t\t<dt class='gallery-icon landscape'>\n\t\t\t\t<a href='https:\/\/notredamedegrandselve.fr\/?attachment_id=1843'><img loading=\"lazy\" decoding=\"async\" width=\"150\" height=\"150\" src=\"https:\/\/notredamedegrandselve.fr\/wp-content\/uploads\/2018\/01\/creches-2017-044-150x150.jpg\" class=\"attachment-thumbnail size-thumbnail\" alt=\"\" aria-describedby=\"gallery-1-1843\" srcset=\"https:\/\/notredamedegrandselve.fr\/wp-content\/uploads\/2018\/01\/creches-2017-044-150x150.jpg 150w, https:\/\/notredamedegrandselve.fr\/wp-content\/uploads\/2018\/01\/creches-2017-044-144x144.jpg 144w\" sizes=\"auto, (max-width: 150px) 100vw, 150px\" \/><\/a>\n\t\t\t<\/dt>\n\t\t\t\t<dd class='wp-caption-text gallery-caption' id='gallery-1-1843'>\n\t\t\t\tDrudas\n\t\t\t\t<\/dd><\/dl><dl class='gallery-item'>\n\t\t\t<dt class='gallery-icon landscape'>\n\t\t\t\t<a href='https:\/\/notredamedegrandselve.fr\/?attachment_id=1842'><img loading=\"lazy\" decoding=\"async\" width=\"150\" height=\"150\" src=\"https:\/\/notredamedegrandselve.fr\/wp-content\/uploads\/2018\/01\/creches-2017-041-150x150.jpg\" class=\"attachment-thumbnail size-thumbnail\" alt=\"\" aria-describedby=\"gallery-1-1842\" srcset=\"https:\/\/notredamedegrandselve.fr\/wp-content\/uploads\/2018\/01\/creches-2017-041-150x150.jpg 150w, https:\/\/notredamedegrandselve.fr\/wp-content\/uploads\/2018\/01\/creches-2017-041-144x144.jpg 144w\" sizes=\"auto, (max-width: 150px) 100vw, 150px\" \/><\/a>\n\t\t\t<\/dt>\n\t\t\t\t<dd class='wp-caption-text gallery-caption' id='gallery-1-1842'>\n\t\t\t\tLagraulet St Nicolas\n\t\t\t\t<\/dd><\/dl><dl class='gallery-item'>\n\t\t\t<dt class='gallery-icon landscape'>\n\t\t\t\t<a href='https:\/\/notredamedegrandselve.fr\/?attachment_id=1841'><img loading=\"lazy\" decoding=\"async\" width=\"150\" height=\"150\" src=\"https:\/\/notredamedegrandselve.fr\/wp-content\/uploads\/2018\/01\/creches-2017-037-150x150.jpg\" class=\"attachment-thumbnail size-thumbnail\" alt=\"\" aria-describedby=\"gallery-1-1841\" srcset=\"https:\/\/notredamedegrandselve.fr\/wp-content\/uploads\/2018\/01\/creches-2017-037-150x150.jpg 150w, https:\/\/notredamedegrandselve.fr\/wp-content\/uploads\/2018\/01\/creches-2017-037-144x144.jpg 144w\" sizes=\"auto, (max-width: 150px) 100vw, 150px\" \/><\/a>\n\t\t\t<\/dt>\n\t\t\t\t<dd class='wp-caption-text gallery-caption' id='gallery-1-1841'>\n\t\t\t\tCabanac\n\t\t\t\t<\/dd><\/dl><br style=\"clear: both\" \/><dl class='gallery-item'>\n\t\t\t<dt class='gallery-icon landscape'>\n\t\t\t\t<a href='https:\/\/notredamedegrandselve.fr\/?attachment_id=1840'><img loading=\"lazy\" decoding=\"async\" width=\"150\" height=\"150\" src=\"https:\/\/notredamedegrandselve.fr\/wp-content\/uploads\/2018\/01\/creches-2017-031-150x150.jpg\" class=\"attachment-thumbnail size-thumbnail\" alt=\"\" aria-describedby=\"gallery-1-1840\" srcset=\"https:\/\/notredamedegrandselve.fr\/wp-content\/uploads\/2018\/01\/creches-2017-031-150x150.jpg 150w, https:\/\/notredamedegrandselve.fr\/wp-content\/uploads\/2018\/01\/creches-2017-031-144x144.jpg 144w\" sizes=\"auto, (max-width: 150px) 100vw, 150px\" \/><\/a>\n\t\t\t<\/dt>\n\t\t\t\t<dd class='wp-caption-text gallery-caption' id='gallery-1-1840'>\n\t\t\t\tBrignemont\n\t\t\t\t<\/dd><\/dl><dl class='gallery-item'>\n\t\t\t<dt class='gallery-icon landscape'>\n\t\t\t\t<a href='https:\/\/notredamedegrandselve.fr\/?attachment_id=1839'><img loading=\"lazy\" decoding=\"async\" width=\"150\" height=\"150\" src=\"https:\/\/notredamedegrandselve.fr\/wp-content\/uploads\/2018\/01\/creches-2017-021-150x150.jpg\" class=\"attachment-thumbnail size-thumbnail\" alt=\"\" aria-describedby=\"gallery-1-1839\" srcset=\"https:\/\/notredamedegrandselve.fr\/wp-content\/uploads\/2018\/01\/creches-2017-021-150x150.jpg 150w, https:\/\/notredamedegrandselve.fr\/wp-content\/uploads\/2018\/01\/creches-2017-021-144x144.jpg 144w\" sizes=\"auto, (max-width: 150px) 100vw, 150px\" \/><\/a>\n\t\t\t<\/dt>\n\t\t\t\t<dd class='wp-caption-text gallery-caption' id='gallery-1-1839'>\n\t\t\t\tCox\n\t\t\t\t<\/dd><\/dl><dl class='gallery-item'>\n\t\t\t<dt class='gallery-icon landscape'>\n\t\t\t\t<a href='https:\/\/notredamedegrandselve.fr\/?attachment_id=1838'><img loading=\"lazy\" decoding=\"async\" width=\"150\" height=\"150\" src=\"https:\/\/notredamedegrandselve.fr\/wp-content\/uploads\/2018\/01\/creches-2017-020-150x150.jpg\" class=\"attachment-thumbnail size-thumbnail\" alt=\"\" aria-describedby=\"gallery-1-1838\" srcset=\"https:\/\/notredamedegrandselve.fr\/wp-content\/uploads\/2018\/01\/creches-2017-020-150x150.jpg 150w, https:\/\/notredamedegrandselve.fr\/wp-content\/uploads\/2018\/01\/creches-2017-020-144x144.jpg 144w\" sizes=\"auto, (max-width: 150px) 100vw, 150px\" \/><\/a>\n\t\t\t<\/dt>\n\t\t\t\t<dd class='wp-caption-text gallery-caption' id='gallery-1-1838'>\n\t\t\t\tCaubiac\n\t\t\t\t<\/dd><\/dl><br style=\"clear: both\" \/><dl class='gallery-item'>\n\t\t\t<dt class='gallery-icon landscape'>\n\t\t\t\t<a href='https:\/\/notredamedegrandselve.fr\/?attachment_id=1837'><img loading=\"lazy\" decoding=\"async\" width=\"150\" height=\"150\" src=\"https:\/\/notredamedegrandselve.fr\/wp-content\/uploads\/2018\/01\/creches-2017-016-150x150.jpg\" class=\"attachment-thumbnail size-thumbnail\" alt=\"\" aria-describedby=\"gallery-1-1837\" srcset=\"https:\/\/notredamedegrandselve.fr\/wp-content\/uploads\/2018\/01\/creches-2017-016-150x150.jpg 150w, https:\/\/notredamedegrandselve.fr\/wp-content\/uploads\/2018\/01\/creches-2017-016-144x144.jpg 144w\" sizes=\"auto, (max-width: 150px) 100vw, 150px\" \/><\/a>\n\t\t\t<\/dt>\n\t\t\t\t<dd class='wp-caption-text gallery-caption' id='gallery-1-1837'>\n\t\t\t\tVignaux\n\t\t\t\t<\/dd><\/dl><dl class='gallery-item'>\n\t\t\t<dt class='gallery-icon landscape'>\n\t\t\t\t<a href='https:\/\/notredamedegrandselve.fr\/?attachment_id=1836'><img loading=\"lazy\" decoding=\"async\" width=\"150\" height=\"150\" src=\"https:\/\/notredamedegrandselve.fr\/wp-content\/uploads\/2018\/01\/creches-2017-006-150x150.jpg\" class=\"attachment-thumbnail size-thumbnail\" alt=\"\" aria-describedby=\"gallery-1-1836\" srcset=\"https:\/\/notredamedegrandselve.fr\/wp-content\/uploads\/2018\/01\/creches-2017-006-150x150.jpg 150w, https:\/\/notredamedegrandselve.fr\/wp-content\/uploads\/2018\/01\/creches-2017-006-144x144.jpg 144w\" sizes=\"auto, (max-width: 150px) 100vw, 150px\" \/><\/a>\n\t\t\t<\/dt>\n\t\t\t\t<dd class='wp-caption-text gallery-caption' id='gallery-1-1836'>\n\t\t\t\tSte Livrade\n\t\t\t\t<\/dd><\/dl><dl class='gallery-item'>\n\t\t\t<dt class='gallery-icon landscape'>\n\t\t\t\t<a href='https:\/\/notredamedegrandselve.fr\/?attachment_id=1835'><img loading=\"lazy\" decoding=\"async\" width=\"150\" height=\"150\" src=\"https:\/\/notredamedegrandselve.fr\/wp-content\/uploads\/2018\/01\/creches-2017-002-150x150.jpg\" class=\"attachment-thumbnail size-thumbnail\" alt=\"\" aria-describedby=\"gallery-1-1835\" srcset=\"https:\/\/notredamedegrandselve.fr\/wp-content\/uploads\/2018\/01\/creches-2017-002-150x150.jpg 150w, https:\/\/notredamedegrandselve.fr\/wp-content\/uploads\/2018\/01\/creches-2017-002-144x144.jpg 144w\" sizes=\"auto, (max-width: 150px) 100vw, 150px\" \/><\/a>\n\t\t\t<\/dt>\n\t\t\t\t<dd class='wp-caption-text gallery-caption' id='gallery-1-1835'>\n\t\t\t\tLe Cast\u00e9ra\n\t\t\t\t<\/dd><\/dl><br style=\"clear: both\" \/><dl class='gallery-item'>\n\t\t\t<dt class='gallery-icon landscape'>\n\t\t\t\t<a href='https:\/\/notredamedegrandselve.fr\/?attachment_id=1834'><img loading=\"lazy\" decoding=\"async\" width=\"150\" height=\"150\" src=\"https:\/\/notredamedegrandselve.fr\/wp-content\/uploads\/2018\/01\/2-creches-2017-035-150x150.jpg\" class=\"attachment-thumbnail size-thumbnail\" alt=\"\" aria-describedby=\"gallery-1-1834\" srcset=\"https:\/\/notredamedegrandselve.fr\/wp-content\/uploads\/2018\/01\/2-creches-2017-035-150x150.jpg 150w, https:\/\/notredamedegrandselve.fr\/wp-content\/uploads\/2018\/01\/2-creches-2017-035-144x144.jpg 144w\" sizes=\"auto, (max-width: 150px) 100vw, 150px\" \/><\/a>\n\t\t\t<\/dt>\n\t\t\t\t<dd class='wp-caption-text gallery-caption' id='gallery-1-1834'>\n\t\t\t\tGarac\n\t\t\t\t<\/dd><\/dl><dl class='gallery-item'>\n\t\t\t<dt class='gallery-icon landscape'>\n\t\t\t\t<a href='https:\/\/notredamedegrandselve.fr\/?attachment_id=1822'><img loading=\"lazy\" decoding=\"async\" width=\"150\" height=\"150\" src=\"https:\/\/notredamedegrandselve.fr\/wp-content\/uploads\/2018\/01\/2-creches-2017-017-150x150.jpg\" class=\"attachment-thumbnail size-thumbnail\" alt=\"\" aria-describedby=\"gallery-1-1822\" srcset=\"https:\/\/notredamedegrandselve.fr\/wp-content\/uploads\/2018\/01\/2-creches-2017-017-150x150.jpg 150w, https:\/\/notredamedegrandselve.fr\/wp-content\/uploads\/2018\/01\/2-creches-2017-017-144x144.jpg 144w\" sizes=\"auto, (max-width: 150px) 100vw, 150px\" \/><\/a>\n\t\t\t<\/dt>\n\t\t\t\t<dd class='wp-caption-text gallery-caption' id='gallery-1-1822'>\n\t\t\t\tRefectoire de l&rsquo;Abbaye\n\t\t\t\t<\/dd><\/dl><dl class='gallery-item'>\n\t\t\t<dt class='gallery-icon portrait'>\n\t\t\t\t<a href='https:\/\/notredamedegrandselve.fr\/?attachment_id=1821'><img loading=\"lazy\" decoding=\"async\" width=\"150\" height=\"150\" src=\"https:\/\/notredamedegrandselve.fr\/wp-content\/uploads\/2018\/01\/2-creches-2017-015-150x150.jpg\" class=\"attachment-thumbnail size-thumbnail\" alt=\"\" aria-describedby=\"gallery-1-1821\" srcset=\"https:\/\/notredamedegrandselve.fr\/wp-content\/uploads\/2018\/01\/2-creches-2017-015-150x150.jpg 150w, https:\/\/notredamedegrandselve.fr\/wp-content\/uploads\/2018\/01\/2-creches-2017-015-144x144.jpg 144w\" sizes=\"auto, (max-width: 150px) 100vw, 150px\" \/><\/a>\n\t\t\t<\/dt>\n\t\t\t\t<dd class='wp-caption-text gallery-caption' id='gallery-1-1821'>\n\t\t\t\tEglise de l&rsquo;Abbaye \n\t\t\t\t<\/dd><\/dl><br style=\"clear: both\" \/><dl class='gallery-item'>\n\t\t\t<dt class='gallery-icon landscape'>\n\t\t\t\t<a href='https:\/\/notredamedegrandselve.fr\/?attachment_id=1820'><img loading=\"lazy\" decoding=\"async\" width=\"150\" height=\"150\" src=\"https:\/\/notredamedegrandselve.fr\/wp-content\/uploads\/2018\/01\/2-creches-2017-006-150x150.jpg\" class=\"attachment-thumbnail size-thumbnail\" alt=\"\" aria-describedby=\"gallery-1-1820\" srcset=\"https:\/\/notredamedegrandselve.fr\/wp-content\/uploads\/2018\/01\/2-creches-2017-006-150x150.jpg 150w, https:\/\/notredamedegrandselve.fr\/wp-content\/uploads\/2018\/01\/2-creches-2017-006-144x144.jpg 144w\" sizes=\"auto, (max-width: 150px) 100vw, 150px\" \/><\/a>\n\t\t\t<\/dt>\n\t\t\t\t<dd class='wp-caption-text gallery-caption' id='gallery-1-1820'>\n\t\t\t\tCadours\n\t\t\t\t<\/dd><\/dl><dl class='gallery-item'>\n\t\t\t<dt class='gallery-icon landscape'>\n\t\t\t\t<a href='https:\/\/notredamedegrandselve.fr\/?attachment_id=1819'><img loading=\"lazy\" decoding=\"async\" width=\"150\" height=\"150\" src=\"https:\/\/notredamedegrandselve.fr\/wp-content\/uploads\/2018\/01\/2-creches-2017-001-150x150.jpg\" class=\"attachment-thumbnail size-thumbnail\" alt=\"\" aria-describedby=\"gallery-1-1819\" srcset=\"https:\/\/notredamedegrandselve.fr\/wp-content\/uploads\/2018\/01\/2-creches-2017-001-150x150.jpg 150w, https:\/\/notredamedegrandselve.fr\/wp-content\/uploads\/2018\/01\/2-creches-2017-001-144x144.jpg 144w\" sizes=\"auto, (max-width: 150px) 100vw, 150px\" \/><\/a>\n\t\t\t<\/dt>\n\t\t\t\t<dd class='wp-caption-text gallery-caption' id='gallery-1-1819'>\n\t\t\t\tLar\u00e9ole\n\t\t\t\t<\/dd><\/dl>\n\t\t\t<br style='clear: both' \/>\n\t\t<\/div>\n\n","protected":false},"excerpt":{"rendered":"<p>Durant l&rsquo;avent, des cr\u00e8ches ont \u00e9t\u00e9 install\u00e9es dans les \u00e9glises du pays de Cadours Voici les photos de ces cr\u00e8ches, prises par notre fid\u00e8le photographe Un grand merci \u00e0 tous les paroissiens qui ont install\u00e9 et d\u00e9cor\u00e9 les cr\u00e8ches et ont permis d&rsquo;ouvrir les \u00e9glises au public durant les dimanches de l&rsquo;avent !<\/p>\n","protected":false},"author":1,"featured_media":1836,"comment_status":"open","ping_status":"open","sticky":false,"template":"","format":"standard","meta":{"footnotes":""},"categories":[28],"tags":[],"class_list":["post-1847","post","type-post","status-publish","format-standard","has-post-thumbnail","hentry","category-photos"],"_links":{"self":[{"href":"https:\/\/notredamedegrandselve.fr\/index.php?rest_route=\/wp\/v2\/posts\/1847","targetHints":{"allow":["GET"]}}],"collection":[{"href":"https:\/\/notredamedegrandselve.fr\/index.php?rest_route=\/wp\/v2\/posts"}],"about":[{"href":"https:\/\/notredamedegrandselve.fr\/index.php?rest_route=\/wp\/v2\/types\/post"}],"author":[{"embeddable":true,"href":"https:\/\/notredamedegrandselve.fr\/index.php?rest_route=\/wp\/v2\/users\/1"}],"replies":[{"embeddable":true,"href":"https:\/\/notredamedegrandselve.fr\/index.php?rest_route=%2Fwp%2Fv2%2Fcomments&post=1847"}],"version-history":[{"count":1,"href":"https:\/\/notredamedegrandselve.fr\/index.php?rest_route=\/wp\/v2\/posts\/1847\/revisions"}],"predecessor-version":[{"id":1848,"href":"https:\/\/notredamedegrandselve.fr\/index.php?rest_route=\/wp\/v2\/posts\/1847\/revisions\/1848"}],"wp:featuredmedia":[{"embeddable":true,"href":"https:\/\/notredamedegrandselve.fr\/index.php?rest_route=\/wp\/v2\/media\/1836"}],"wp:attachment":[{"href":"https:\/\/notredamedegrandselve.fr\/index.php?rest_route=%2Fwp%2Fv2%2Fmedia&parent=1847"}],"wp:term":[{"taxonomy":"category","embeddable":true,"href":"https:\/\/notredamedegrandselve.fr\/index.php?rest_route=%2Fwp%2Fv2%2Fcategories&post=1847"},{"taxonomy":"post_tag","embeddable":true,"href":"https:\/\/notredamedegrandselve.fr\/index.php?rest_route=%2Fwp%2Fv2%2Ftags&post=1847"}],"curies":[{"name":"wp","href":"https:\/\/api.w.org\/{rel}","templated":true}]}}