{"id":170,"date":"2016-04-06T20:26:44","date_gmt":"2016-04-06T20:26:44","guid":{"rendered":"http:\/\/notredamedegrandselve.fr\/?p=170"},"modified":"2016-07-06T11:04:20","modified_gmt":"2016-07-06T09:04:20","slug":"secours-catholique","status":"publish","type":"post","link":"https:\/\/notredamedegrandselve.fr\/?p=170","title":{"rendered":"Secours Catholique"},"content":{"rendered":"<p><i>\u00c0 partir des groupes existants \u00e0 Cadours, Grenade et Merville, une antenne du secours catholique s&rsquo;est constitu\u00e9e \u00e0 Cadours, avec l&rsquo;accord de la d\u00e9l\u00e9gation de Toulouse , il y a d\u00e9j\u00e0 quelques ann\u00e9es.<br \/>\nNotre groupe de b\u00e9n\u00e9voles issus de nos diff\u00e9rentes \u00e9glises: C\u00e9cile, Claudine, V\u00e9ronique, Charlotte, Michel, Daniel, Elodie et les deux Maryse accueillent maintenant dans notre nouveau local; la maison Saint Dominique, mitoyenne du <\/i><i>presbyt\u00e8re de Cadours, 15 cours du midi. L&rsquo;abb\u00e9 Fran\u00e7ois nous a permis de nous y installer et nous soutient dans notre mission.<br \/>\nNos moyens sont modestes mais nous sommes heureux d&rsquo;aider ceux qui viennent vers nous, et, de grand coeur nous partageons.<br \/>\nLe local est ouvert tous les mercredis de 14h30 \u00e0 17h. Il sera ouvert tous le 13 et le 27 juillet et ferm\u00e9 en ao\u00fbt. Nous reprendrons notre rythme hebdomadaire en septembre. Le t\u00e9l\u00e9phone du secours St Dominique est le: 06 82 47 06 82. C&rsquo;<\/i><i>est V\u00e9ronique ou Claudine qui r\u00e9pondront et r\u00e9percuteront vers Maryse Bergounhou ou Maryse Tromeur.<\/i><\/p>\n<p><img loading=\"lazy\" decoding=\"async\" class=\"alignnone size-medium wp-image-1062\" src=\"http:\/\/notredamedegrandselve.fr\/wp-content\/uploads\/2016\/04\/secours-catho-300x225.jpg\" alt=\"secours catho\" width=\"300\" height=\"225\" srcset=\"https:\/\/notredamedegrandselve.fr\/wp-content\/uploads\/2016\/04\/secours-catho-300x225.jpg 300w, https:\/\/notredamedegrandselve.fr\/wp-content\/uploads\/2016\/04\/secours-catho-768x576.jpg 768w, https:\/\/notredamedegrandselve.fr\/wp-content\/uploads\/2016\/04\/secours-catho-1024x768.jpg 1024w\" sizes=\"auto, (max-width: 300px) 100vw, 300px\" \/><\/p>\n","protected":false},"excerpt":{"rendered":"<p>Tout ce que vous avez fait au plus petit d&rsquo;entre les miens c&rsquo;est \u00e0 moi que vous l&rsquo;avez fait, dit J\u00e9sus. Fid\u00e8le \u00e0 sa mission d&rsquo;\u00eatre un t\u00e9moin de l&rsquo;amour de Dieu, notre paroisse, par le Secours catholique, se veut proche des plus d\u00e9munis.<\/p>\n","protected":false},"author":1,"featured_media":941,"comment_status":"open","ping_status":"open","sticky":false,"template":"","format":"standard","meta":{"footnotes":""},"categories":[5],"tags":[],"class_list":["post-170","post","type-post","status-publish","format-standard","has-post-thumbnail","hentry","category-aider"],"_links":{"self":[{"href":"https:\/\/notredamedegrandselve.fr\/index.php?rest_route=\/wp\/v2\/posts\/170","targetHints":{"allow":["GET"]}}],"collection":[{"href":"https:\/\/notredamedegrandselve.fr\/index.php?rest_route=\/wp\/v2\/posts"}],"about":[{"href":"https:\/\/notredamedegrandselve.fr\/index.php?rest_route=\/wp\/v2\/types\/post"}],"author":[{"embeddable":true,"href":"https:\/\/notredamedegrandselve.fr\/index.php?rest_route=\/wp\/v2\/users\/1"}],"replies":[{"embeddable":true,"href":"https:\/\/notredamedegrandselve.fr\/index.php?rest_route=%2Fwp%2Fv2%2Fcomments&post=170"}],"version-history":[{"count":6,"href":"https:\/\/notredamedegrandselve.fr\/index.php?rest_route=\/wp\/v2\/posts\/170\/revisions"}],"predecessor-version":[{"id":1064,"href":"https:\/\/notredamedegrandselve.fr\/index.php?rest_route=\/wp\/v2\/posts\/170\/revisions\/1064"}],"wp:featuredmedia":[{"embeddable":true,"href":"https:\/\/notredamedegrandselve.fr\/index.php?rest_route=\/wp\/v2\/media\/941"}],"wp:attachment":[{"href":"https:\/\/notredamedegrandselve.fr\/index.php?rest_route=%2Fwp%2Fv2%2Fmedia&parent=170"}],"wp:term":[{"taxonomy":"category","embeddable":true,"href":"https:\/\/notredamedegrandselve.fr\/index.php?rest_route=%2Fwp%2Fv2%2Fcategories&post=170"},{"taxonomy":"post_tag","embeddable":true,"href":"https:\/\/notredamedegrandselve.fr\/index.php?rest_route=%2Fwp%2Fv2%2Ftags&post=170"}],"curies":[{"name":"wp","href":"https:\/\/api.w.org\/{rel}","templated":true}]}}