{"id":168,"date":"2016-04-06T20:26:01","date_gmt":"2016-04-06T20:26:01","guid":{"rendered":"http:\/\/notredamedegrandselve.fr\/?p=168"},"modified":"2016-06-15T19:54:05","modified_gmt":"2016-06-15T17:54:05","slug":"service-evangelique-des-malades","status":"publish","type":"post","link":"https:\/\/notredamedegrandselve.fr\/?p=168","title":{"rendered":"Visite des Malades"},"content":{"rendered":"<p>Certains membres de nos communaut\u00e9s ont pris le service de visiter les personnes malades, isol\u00e9es, handicap\u00e9es. Ils leur apportent un peu d\u2019\u00e9coute, de r\u00e9confort, d\u2019attention. Ils leur portent aussi la communion. Certain sont membres de l\u2019<strong>Equipe SEM (service \u00e9vang\u00e9lique des malades)<\/strong>. Vous pouvez venir nous y rejoindre.<\/p>\n<p>&nbsp;<\/p>\n<h3>Dans notre Grand Selve<\/h3>\n<p>\u2013 L\u2019Equipe\u00a0<strong>SEM<\/strong>\u00a0se retrouve une fois par mois au presbyt\u00e8re de Grenade : contacter Jo\u00eblle GUY au\u00a006 71 05 28 93<\/p>\n<p>&nbsp;<\/p>\n<p><strong>\u2013 Maisons de retraite<\/strong>\u00a0St Jacques Nous allons y c\u00e9l\u00e9brer la messe :<\/p>\n<p>1. pour Grenade : tous les 2\u00e8mes mardis du mois \u00e0 15h00<br \/>\nTemps de pri\u00e8re \u00e0 la chapelle de la Maison St Jacques de Grenade, anim\u00e9 par des membres du SEM les derniers mardis de chaque mois \u00e0 15h00<\/p>\n<p>2. pour Cadours : tous les 3\u00e8mes mardis du mois \u00e0 15h00<\/p>\n<p>&nbsp;<\/p>\n<p><strong>\u2013 L\u2019Equipe de l\u2019Hospitalit\u00e9 Dioc\u00e9saine de Lourdes<\/strong><\/p>\n<p>Propose un we en avril et le p\u00e8lerinage d\u2019ao\u00fbt aux malades, personnes \u00e2g\u00e9es\u2026 et cherchent aussi des hospitaliers pour les aider\u2026<\/p>\n<p>Contacter\u00a0Brigitte SICRE au 05 61 85 10 86<\/p>\n<p><a href=\"http:\/\/107.6.179.82\/~doyenned\/wp-content\/uploads\/2014\/07\/sem1.jpg\"><img loading=\"lazy\" decoding=\"async\" class=\"aligncenter size-medium wp-image-398\" src=\"http:\/\/107.6.179.82\/~doyenned\/wp-content\/uploads\/2014\/07\/sem1-300x225.jpg\" sizes=\"auto, (max-width: 300px) 100vw, 300px\" srcset=\"http:\/\/107.6.179.82\/~doyenned\/wp-content\/uploads\/2014\/07\/sem1-300x225.jpg 300x, http:\/\/107.6.179.82\/~doyenned\/wp-content\/uploads\/2014\/07\/sem1-400x300.jpg 400x, http:\/\/107.6.179.82\/~doyenned\/wp-content\/uploads\/2014\/07\/sem1-200x150.jpg 200x, http:\/\/107.6.179.82\/~doyenned\/wp-content\/uploads\/2014\/07\/sem1.jpg 1024x\" alt=\"sem1\" width=\"300\" height=\"225\" \/><\/a><\/p>\n<p>\u2013\u00a0<strong>Monast\u00e8re Invisible<\/strong>\u00a0: chaque mois, la feuille du MI est donn\u00e9e aux malades et retrait\u00e9s des maisons de retraite pour vivre une communion spirituelle entre tous les membres de notre communaut\u00e9 du Grand Selve.<\/p>\n<p><a href=\"http:\/\/107.6.179.82\/~doyenned\/wp-content\/uploads\/2014\/10\/MIoct2014.pdf\">Monast\u00e8re Invisible Octobre 2014<\/a><\/p>\n<p><a href=\"http:\/\/107.6.179.82\/~doyenned\/wp-content\/uploads\/2014\/09\/MIsept2014.pdf\">Monast\u00e8re Invisible Septembre 2014<\/a><\/p>\n","protected":false},"excerpt":{"rendered":"<p>Certains membres de nos communaut\u00e9s ont pris le service de visiter les personnes malades, isol\u00e9es, handicap\u00e9es. Ils leur apportent un peu d\u2019\u00e9coute, de r\u00e9confort, d\u2019attention. Ils leur portent aussi la communion. Certain sont membres de l\u2019Equipe SEM (service \u00e9vang\u00e9lique des malades). Vous pouvez venir nous y rejoindre. &nbsp; Dans notre Grand Selve \u2013 L\u2019Equipe\u00a0SEM\u00a0se retrouve&hellip; <br \/> <a class=\"button small blue\" href=\"https:\/\/notredamedegrandselve.fr\/?p=168\">Lire la suite<\/a><\/p>\n","protected":false},"author":1,"featured_media":953,"comment_status":"open","ping_status":"open","sticky":false,"template":"","format":"standard","meta":{"footnotes":""},"categories":[5],"tags":[],"class_list":["post-168","post","type-post","status-publish","format-standard","has-post-thumbnail","hentry","category-aider"],"_links":{"self":[{"href":"https:\/\/notredamedegrandselve.fr\/index.php?rest_route=\/wp\/v2\/posts\/168","targetHints":{"allow":["GET"]}}],"collection":[{"href":"https:\/\/notredamedegrandselve.fr\/index.php?rest_route=\/wp\/v2\/posts"}],"about":[{"href":"https:\/\/notredamedegrandselve.fr\/index.php?rest_route=\/wp\/v2\/types\/post"}],"author":[{"embeddable":true,"href":"https:\/\/notredamedegrandselve.fr\/index.php?rest_route=\/wp\/v2\/users\/1"}],"replies":[{"embeddable":true,"href":"https:\/\/notredamedegrandselve.fr\/index.php?rest_route=%2Fwp%2Fv2%2Fcomments&post=168"}],"version-history":[{"count":5,"href":"https:\/\/notredamedegrandselve.fr\/index.php?rest_route=\/wp\/v2\/posts\/168\/revisions"}],"predecessor-version":[{"id":1050,"href":"https:\/\/notredamedegrandselve.fr\/index.php?rest_route=\/wp\/v2\/posts\/168\/revisions\/1050"}],"wp:featuredmedia":[{"embeddable":true,"href":"https:\/\/notredamedegrandselve.fr\/index.php?rest_route=\/wp\/v2\/media\/953"}],"wp:attachment":[{"href":"https:\/\/notredamedegrandselve.fr\/index.php?rest_route=%2Fwp%2Fv2%2Fmedia&parent=168"}],"wp:term":[{"taxonomy":"category","embeddable":true,"href":"https:\/\/notredamedegrandselve.fr\/index.php?rest_route=%2Fwp%2Fv2%2Fcategories&post=168"},{"taxonomy":"post_tag","embeddable":true,"href":"https:\/\/notredamedegrandselve.fr\/index.php?rest_route=%2Fwp%2Fv2%2Ftags&post=168"}],"curies":[{"name":"wp","href":"https:\/\/api.w.org\/{rel}","templated":true}]}}