{"id":161,"date":"2016-04-06T20:21:05","date_gmt":"2016-04-06T20:21:05","guid":{"rendered":"http:\/\/notredamedegrandselve.fr\/?p=161"},"modified":"2016-06-15T19:01:06","modified_gmt":"2016-06-15T17:01:06","slug":"priere-des-meres","status":"publish","type":"post","link":"https:\/\/notredamedegrandselve.fr\/?p=161","title":{"rendered":"Pri\u00e8re des m\u00e8res"},"content":{"rendered":"<header>\n<h1 class=\"page-title replace\">PRIERES DES MERES<\/h1>\n<\/header>\n<section class=\"post_content clearfix\">La \u00ab\u00a0<em><strong>Pri\u00e8re des M\u00e8res<\/strong><\/em>\u00a0\u00bb s\u2019adresse et soutient toutes celles qui ont un coeur de m\u00e8re et qui d\u00e9sirent prier ensemble pour leurs enfants, petits-enfants et tous les enfants du monde.<br \/>\nMais voici ce que dit le Seigneur : \u00ab\u00a0<em>Retiens les sanglots de ta voix et les larmes de tes yeux car ta peine aura sa r\u00e9compense. Ils reviendront du pays de l\u2019ennemi. Esp\u00e8re pour ton avenir car tes fils rentreront dans leurs fronti\u00e8res<\/em>.\u00a0\u00bb\u00a0J\u00e9r\u00e9mie 31,16-17Il suffit d\u2019\u00eatre 2 pour d\u00e9buter un groupe de pri\u00e8re. Les r\u00e9unions sont hebdomadaires et l\u2019une des r\u00e8gles de base est la confidentialit\u00e9.<a href=\"http:\/\/107.6.179.82\/~doyenned\/wp-content\/uploads\/2014\/07\/pri%C3%A8resmeres1.jpg\"><img loading=\"lazy\" decoding=\"async\" class=\"wp-image-377 alignleft\" src=\"http:\/\/107.6.179.82\/~doyenned\/wp-content\/uploads\/2014\/07\/pri%C3%A8resmeres1-298x300.jpg\" sizes=\"auto, (max-width: 156px) 100vw, 156px\" srcset=\"http:\/\/107.6.179.82\/~doyenned\/wp-content\/uploads\/2014\/07\/pri%C3%A8resmeres1-298x300.jpg 298x, http:\/\/107.6.179.82\/~doyenned\/wp-content\/uploads\/2014\/07\/pri%C3%A8resmeres1.jpg 313x\" alt=\"pri\u00e8resmeres1\" width=\"156\" height=\"157\" \/><\/a>Pendant la r\u00e9union, une m\u00e8re peut \u00eatre amen\u00e9e \u00e0 parler de fa\u00e7on tr\u00e8s personnelle, en partageant ses peines ou ses angoisses, sans craindre que rien de ce qu\u2019elle pourra dire ne soit r\u00e9p\u00e9t\u00e9 \u00e0 l\u2019ext\u00e9rieur. Les autres la portent dans leur pri\u00e8re mais elle est \u00e9galement soutenue spirituellement par les m\u00e8res qui appartiennent dans le monde \u00e0 \u00ab Pri\u00e8re des M\u00e8res \u00bb et qui prient les unes pour les autres.<\/p>\n<h3>Dans notre Grand Selve<\/h3>\n<p>Deux \u00e9quipes de Pri\u00e8res des M\u00e8res se retrouvent r\u00e9guli\u00e8rement dans notre Doyenn\u00e9 :<\/p>\n<ul>\n<li>Tous les mercredis (9h45-10h45) \u00e0 Thil Chez Mme Sara Gallet : 05 61 34 52 99 05<\/li>\n<li>Tous les lundis (9h-10h) \u00e0 Grenade chez Mme Marie-Luce de Saint Denis :05 62 79 30 45<\/li>\n<\/ul>\n<p>Il existe aussi le\u00a0<strong>P\u00e8lerinage \u00e0 Cotignac<\/strong>\u00a0en juin pour les mamans.<\/p>\n<\/section>\n","protected":false},"excerpt":{"rendered":"<p>PRIERES DES MERES La \u00ab\u00a0Pri\u00e8re des M\u00e8res\u00a0\u00bb s\u2019adresse et soutient toutes celles qui ont un coeur de m\u00e8re et qui d\u00e9sirent prier ensemble pour leurs enfants, petits-enfants et tous les enfants du monde. Mais voici ce que dit le Seigneur : \u00ab\u00a0Retiens les sanglots de ta voix et les larmes de tes yeux car ta&hellip; <br \/> <a class=\"button small blue\" href=\"https:\/\/notredamedegrandselve.fr\/?p=161\">Lire la suite<\/a><\/p>\n","protected":false},"author":1,"featured_media":933,"comment_status":"open","ping_status":"open","sticky":false,"template":"","format":"standard","meta":{"footnotes":""},"categories":[6],"tags":[],"class_list":["post-161","post","type-post","status-publish","format-standard","has-post-thumbnail","hentry","category-prier"],"_links":{"self":[{"href":"https:\/\/notredamedegrandselve.fr\/index.php?rest_route=\/wp\/v2\/posts\/161","targetHints":{"allow":["GET"]}}],"collection":[{"href":"https:\/\/notredamedegrandselve.fr\/index.php?rest_route=\/wp\/v2\/posts"}],"about":[{"href":"https:\/\/notredamedegrandselve.fr\/index.php?rest_route=\/wp\/v2\/types\/post"}],"author":[{"embeddable":true,"href":"https:\/\/notredamedegrandselve.fr\/index.php?rest_route=\/wp\/v2\/users\/1"}],"replies":[{"embeddable":true,"href":"https:\/\/notredamedegrandselve.fr\/index.php?rest_route=%2Fwp%2Fv2%2Fcomments&post=161"}],"version-history":[{"count":3,"href":"https:\/\/notredamedegrandselve.fr\/index.php?rest_route=\/wp\/v2\/posts\/161\/revisions"}],"predecessor-version":[{"id":934,"href":"https:\/\/notredamedegrandselve.fr\/index.php?rest_route=\/wp\/v2\/posts\/161\/revisions\/934"}],"wp:featuredmedia":[{"embeddable":true,"href":"https:\/\/notredamedegrandselve.fr\/index.php?rest_route=\/wp\/v2\/media\/933"}],"wp:attachment":[{"href":"https:\/\/notredamedegrandselve.fr\/index.php?rest_route=%2Fwp%2Fv2%2Fmedia&parent=161"}],"wp:term":[{"taxonomy":"category","embeddable":true,"href":"https:\/\/notredamedegrandselve.fr\/index.php?rest_route=%2Fwp%2Fv2%2Fcategories&post=161"},{"taxonomy":"post_tag","embeddable":true,"href":"https:\/\/notredamedegrandselve.fr\/index.php?rest_route=%2Fwp%2Fv2%2Ftags&post=161"}],"curies":[{"name":"wp","href":"https:\/\/api.w.org\/{rel}","templated":true}]}}